{"id":3876,"date":"2020-12-14T11:03:21","date_gmt":"2020-12-14T11:03:21","guid":{"rendered":"https:\/\/egein.com\/installacio-fotovoltaica-en-celra\/"},"modified":"2023-03-16T16:05:11","modified_gmt":"2023-03-16T16:05:11","slug":"installacio-fotovoltaica-en-celra","status":"publish","type":"post","link":"https:\/\/egein.com\/ca\/installacio-fotovoltaica-en-celra\/","title":{"rendered":"Instal\u00b7laci\u00f3 fotovoltaica en Celr\u00e0"},"content":{"rendered":"\t\t<div data-elementor-type=\"wp-post\" data-elementor-id=\"3876\" class=\"elementor elementor-3876 elementor-1457\" data-elementor-post-type=\"post\">\n\t\t\t\t\t\t<section class=\"elementor-section elementor-top-section elementor-element elementor-element-5ad77e68 elementor-section-height-min-height elementor-section-items-stretch elementor-section-boxed elementor-section-height-default\" data-id=\"5ad77e68\" data-element_type=\"section\" data-e-type=\"section\" data-settings=\"{&quot;background_background&quot;:&quot;classic&quot;,&quot;background_motion_fx_motion_fx_scrolling&quot;:&quot;yes&quot;,&quot;background_motion_fx_translateX_effect&quot;:&quot;yes&quot;,&quot;background_motion_fx_translateX_speed&quot;:{&quot;unit&quot;:&quot;px&quot;,&quot;size&quot;:4,&quot;sizes&quot;:[]},&quot;background_motion_fx_translateX_affectedRange&quot;:{&quot;unit&quot;:&quot;%&quot;,&quot;size&quot;:&quot;&quot;,&quot;sizes&quot;:{&quot;start&quot;:0,&quot;end&quot;:100}},&quot;background_motion_fx_devices&quot;:[&quot;desktop&quot;,&quot;tablet&quot;,&quot;mobile&quot;]}\">\n\t\t\t\t\t\t<div class=\"elementor-container elementor-column-gap-default\">\n\t\t\t\t\t<div class=\"elementor-column elementor-col-100 elementor-top-column elementor-element elementor-element-79cb458a\" data-id=\"79cb458a\" data-element_type=\"column\" data-e-type=\"column\">\n\t\t\t<div class=\"elementor-widget-wrap\">\n\t\t\t\t\t\t\t<\/div>\n\t\t<\/div>\n\t\t\t\t\t<\/div>\n\t\t<\/section>\n\t\t\t\t<section class=\"elementor-section elementor-top-section elementor-element elementor-element-3bd6b7db elementor-section-boxed elementor-section-height-default elementor-section-height-default\" data-id=\"3bd6b7db\" data-element_type=\"section\" data-e-type=\"section\">\n\t\t\t\t\t\t<div class=\"elementor-container elementor-column-gap-default\">\n\t\t\t\t\t<div class=\"elementor-column elementor-col-100 elementor-top-column elementor-element elementor-element-cd376a6\" data-id=\"cd376a6\" data-element_type=\"column\" data-e-type=\"column\">\n\t\t\t<div class=\"elementor-widget-wrap elementor-element-populated\">\n\t\t\t\t\t\t<section class=\"elementor-section elementor-inner-section elementor-element elementor-element-1eb53117 elementor-section-boxed elementor-section-height-default elementor-section-height-default\" data-id=\"1eb53117\" data-element_type=\"section\" data-e-type=\"section\">\n\t\t\t\t\t\t<div class=\"elementor-container elementor-column-gap-default\">\n\t\t\t\t\t<div class=\"elementor-column elementor-col-100 elementor-inner-column elementor-element elementor-element-5e659df4\" data-id=\"5e659df4\" data-element_type=\"column\" data-e-type=\"column\">\n\t\t\t<div class=\"elementor-widget-wrap elementor-element-populated\">\n\t\t\t\t\t\t<div class=\"elementor-element elementor-element-7cd01e5c elementor-widget elementor-widget-heading\" data-id=\"7cd01e5c\" data-element_type=\"widget\" data-e-type=\"widget\" data-widget_type=\"heading.default\">\n\t\t\t\t<div class=\"elementor-widget-container\">\n\t\t\t\t\t<h1 class=\"elementor-heading-title elementor-size-default\">Instal\u00b7laci\u00f3 fotovoltaica en Celr\u00e0<\/h1>\t\t\t\t<\/div>\n\t\t\t\t<\/div>\n\t\t\t\t<div class=\"elementor-element elementor-element-7e2532ff elementor-tablet-align-center elementor-widget elementor-widget-post-info\" data-id=\"7e2532ff\" data-element_type=\"widget\" data-e-type=\"widget\" data-widget_type=\"post-info.default\">\n\t\t\t\t<div class=\"elementor-widget-container\">\n\t\t\t\t\t\t\t<ul class=\"elementor-inline-items elementor-icon-list-items elementor-post-info\">\n\t\t\t\t\t\t\t\t<li class=\"elementor-icon-list-item elementor-repeater-item-07d5219 elementor-inline-item\" itemprop=\"datePublished\">\n\t\t\t\t\t\t<a href=\"https:\/\/egein.com\/ca\/2020\/12\/14\/\">\n\t\t\t\t\t\t\t\t\t\t\t<span class=\"elementor-icon-list-icon\">\n\t\t\t\t\t\t\t\t<i aria-hidden=\"true\" class=\"fas fa-calendar\"><\/i>\t\t\t\t\t\t\t<\/span>\n\t\t\t\t\t\t\t\t\t<span class=\"elementor-icon-list-text elementor-post-info__item elementor-post-info__item--type-date\">\n\t\t\t\t\t\t\t\t\t\t<time>desembre 14, 2020<\/time>\t\t\t\t\t<\/span>\n\t\t\t\t\t\t\t\t\t<\/a>\n\t\t\t\t<\/li>\n\t\t\t\t<\/ul>\n\t\t\t\t\t\t<\/div>\n\t\t\t\t<\/div>\n\t\t\t\t\t<\/div>\n\t\t<\/div>\n\t\t\t\t\t<\/div>\n\t\t<\/section>\n\t\t\t\t<section class=\"elementor-section elementor-inner-section elementor-element elementor-element-731391c9 elementor-section-boxed elementor-section-height-default elementor-section-height-default\" data-id=\"731391c9\" data-element_type=\"section\" data-e-type=\"section\">\n\t\t\t\t\t\t<div class=\"elementor-container elementor-column-gap-default\">\n\t\t\t\t\t<div class=\"elementor-column elementor-col-100 elementor-inner-column elementor-element elementor-element-6055d255\" data-id=\"6055d255\" data-element_type=\"column\" data-e-type=\"column\">\n\t\t\t<div class=\"elementor-widget-wrap elementor-element-populated\">\n\t\t\t\t\t\t<div class=\"elementor-element elementor-element-5d85fb66 elementor-widget elementor-widget-text-editor\" data-id=\"5d85fb66\" data-element_type=\"widget\" data-e-type=\"widget\" data-widget_type=\"text-editor.default\">\n\t\t\t\t<div class=\"elementor-widget-container\">\n\t\t\t\t\t\t\t\t\t<p><span class=\"hiddenSpellError\">EGEIN<\/span>\u00a0ha\u00a0dissenyat la instal\u00b7laci\u00f3 Solar Fotovoltaica en una construcci\u00f3 industrial de ferro<\/p>\n<p><span class=\"hiddenSpellError\">Egein<\/span>\u00a0realitza el disseny de la instal\u00b7laci\u00f3 solar fotovoltaica per autoconsum de\u00a0<span class=\"hiddenSpellError\">240kWp<\/span>, instal\u00b7lada sobre una coberta met\u00e0l\u00b7lica d&#8217;un dels nostres clients en un edifici industrial.<\/p>\n<p>Des d&#8217;un principi, el consum industrial en horari di\u00fcrn est\u00e0 generat quasi totalment per la producci\u00f3 solar, minimitzat el cost energ\u00e8tic de la instal\u00b7laci\u00f3. Alta rendibilitat de la inversi\u00f3, amb un per\u00edode de retorn de\u00a0<span class=\"hiddenGreenError\">5<\/span>\u00a0anys i TIR (15a) del 17%.<\/p>\n<p>Les nostres instal\u00b7lacions estan monitorades per al seguiment i an\u00e0lisi continuat del rendiment energ\u00e8tic, posant a la disposici\u00f3 dels nostres clients una plataforma\u00a0<span class=\"hiddenSpellError\">cloud<\/span>\u00a0on poden consultar des de qualsevol ubicaci\u00f3, la seva producci\u00f3 energ\u00e8tica en temps real, aix\u00ed com an\u00e0lisi i gr\u00e0fics d&#8217;estalvi energ\u00e8tic i mediambiental.<\/p>\n<p>Vols disminuir el consum energ\u00e8tic de la teva ind\u00fastria? T&#8217;ajudem a rendibilitzar la inversi\u00f3 aprofitant l&#8217;espai disponible de la coberta de la teva f\u00e0brica?<\/p>\n<p>T&#8217;ajudem a finan\u00e7ar el teu projecte?<\/p>\n<p>Vols contribuir en la disminuci\u00f3 de la contaminaci\u00f3 mediambiental mitjan\u00e7ant amb la generaci\u00f3 de l&#8217;energia neta de km 0?<\/p>\n<p>T&#8217;ajudem a\u00a0connectar-te\u00a0al sol, <a href=\"https:\/\/novaweb.egein.com\/contacto-egein\/\">cont\u00e1ctanos<\/a>.<\/p>\n\t\t\t\t\t\t\t\t<\/div>\n\t\t\t\t<\/div>\n\t\t\t\t<div class=\"elementor-element elementor-element-749d525b elementor-invisible elementor-widget elementor-widget-image\" data-id=\"749d525b\" data-element_type=\"widget\" data-e-type=\"widget\" data-settings=\"{&quot;_animation&quot;:&quot;fadeIn&quot;}\" data-widget_type=\"image.default\">\n\t\t\t\t<div class=\"elementor-widget-container\">\n\t\t\t\t\t\t\t\t\t\t\t\t\t\t\t<img fetchpriority=\"high\" decoding=\"async\" width=\"800\" height=\"447\" src=\"https:\/\/egein.com\/wp-content\/uploads\/2021\/03\/consumo-industrial-ahorro-energetico-1024x572.jpeg\" class=\"attachment-large size-large wp-image-3881\" alt=\"\" srcset=\"https:\/\/egein.com\/wp-content\/uploads\/2021\/03\/consumo-industrial-ahorro-energetico-1024x572.jpeg 1024w, https:\/\/egein.com\/wp-content\/uploads\/2021\/03\/consumo-industrial-ahorro-energetico-300x168.jpeg 300w, https:\/\/egein.com\/wp-content\/uploads\/2021\/03\/consumo-industrial-ahorro-energetico-768x429.jpeg 768w, https:\/\/egein.com\/wp-content\/uploads\/2021\/03\/consumo-industrial-ahorro-energetico-1536x858.jpeg 1536w, https:\/\/egein.com\/wp-content\/uploads\/2021\/03\/consumo-industrial-ahorro-energetico.jpeg 1897w\" sizes=\"(max-width: 800px) 100vw, 800px\" \/>\t\t\t\t\t\t\t\t\t\t\t\t\t\t\t<\/div>\n\t\t\t\t<\/div>\n\t\t\t\t<div class=\"elementor-element elementor-element-3dfa3197 elementor-widget elementor-widget-heading\" data-id=\"3dfa3197\" data-element_type=\"widget\" data-e-type=\"widget\" data-widget_type=\"heading.default\">\n\t\t\t\t<div class=\"elementor-widget-container\">\n\t\t\t\t\t<h3 class=\"elementor-heading-title elementor-size-default\">Compartir<\/h3>\t\t\t\t<\/div>\n\t\t\t\t<\/div>\n\t\t\t\t<div class=\"elementor-element elementor-element-69b694a4 elementor-share-buttons--view-icon elementor-share-buttons--skin-minimal elementor-share-buttons--color-custom elementor-share-buttons--shape-square elementor-grid-0 elementor-widget elementor-widget-share-buttons\" data-id=\"69b694a4\" data-element_type=\"widget\" data-e-type=\"widget\" data-widget_type=\"share-buttons.default\">\n\t\t\t\t<div class=\"elementor-widget-container\">\n\t\t\t\t\t\t\t<div class=\"elementor-grid\" role=\"list\">\n\t\t\t\t\t\t\t\t<div class=\"elementor-grid-item\" role=\"listitem\">\n\t\t\t\t\t\t<div class=\"elementor-share-btn elementor-share-btn_facebook\" role=\"button\" tabindex=\"0\" aria-label=\"Compartici\u00f3 en facebook\">\n\t\t\t\t\t\t\t\t\t\t\t\t\t\t\t<span class=\"elementor-share-btn__icon\">\n\t\t\t\t\t\t\t\t<i class=\"fab fa-facebook\" aria-hidden=\"true\"><\/i>\t\t\t\t\t\t\t<\/span>\n\t\t\t\t\t\t\t\t\t\t\t\t\t\t\t\t\t\t\t\t<\/div>\n\t\t\t\t\t<\/div>\n\t\t\t\t\t\t\t\t\t<div class=\"elementor-grid-item\" role=\"listitem\">\n\t\t\t\t\t\t<div class=\"elementor-share-btn elementor-share-btn_linkedin\" role=\"button\" tabindex=\"0\" aria-label=\"Compartici\u00f3 en linkedin\">\n\t\t\t\t\t\t\t\t\t\t\t\t\t\t\t<span class=\"elementor-share-btn__icon\">\n\t\t\t\t\t\t\t\t<i class=\"fab fa-linkedin\" aria-hidden=\"true\"><\/i>\t\t\t\t\t\t\t<\/span>\n\t\t\t\t\t\t\t\t\t\t\t\t\t\t\t\t\t\t\t\t<\/div>\n\t\t\t\t\t<\/div>\n\t\t\t\t\t\t\t\t\t<div class=\"elementor-grid-item\" role=\"listitem\">\n\t\t\t\t\t\t<div class=\"elementor-share-btn elementor-share-btn_twitter\" role=\"button\" tabindex=\"0\" aria-label=\"Compartici\u00f3 en twitter\">\n\t\t\t\t\t\t\t\t\t\t\t\t\t\t\t<span class=\"elementor-share-btn__icon\">\n\t\t\t\t\t\t\t\t<i class=\"fab fa-twitter\" aria-hidden=\"true\"><\/i>\t\t\t\t\t\t\t<\/span>\n\t\t\t\t\t\t\t\t\t\t\t\t\t\t\t\t\t\t\t\t<\/div>\n\t\t\t\t\t<\/div>\n\t\t\t\t\t\t\t\t\t<div class=\"elementor-grid-item\" role=\"listitem\">\n\t\t\t\t\t\t<div class=\"elementor-share-btn elementor-share-btn_email\" role=\"button\" tabindex=\"0\" aria-label=\"Compartici\u00f3 en email\">\n\t\t\t\t\t\t\t\t\t\t\t\t\t\t\t<span class=\"elementor-share-btn__icon\">\n\t\t\t\t\t\t\t\t<i class=\"fas fa-envelope\" aria-hidden=\"true\"><\/i>\t\t\t\t\t\t\t<\/span>\n\t\t\t\t\t\t\t\t\t\t\t\t\t\t\t\t\t\t\t\t<\/div>\n\t\t\t\t\t<\/div>\n\t\t\t\t\t\t<\/div>\n\t\t\t\t\t\t<\/div>\n\t\t\t\t<\/div>\n\t\t\t\t<div class=\"elementor-element elementor-element-2cdbb314 elementor-widget elementor-widget-post-navigation\" data-id=\"2cdbb314\" data-element_type=\"widget\" data-e-type=\"widget\" data-widget_type=\"post-navigation.default\">\n\t\t\t\t<div class=\"elementor-widget-container\">\n\t\t\t\t\t\t\t<div class=\"elementor-post-navigation\" role=\"navigation\" aria-label=\"Post Navigation\">\n\t\t\t<div class=\"elementor-post-navigation__prev elementor-post-navigation__link\">\n\t\t\t\t<a href=\"https:\/\/egein.com\/ca\/com-apliquem-el-metode-bim-building-information-modelling\/\" rel=\"prev\"><span class=\"post-navigation__arrow-wrapper post-navigation__arrow-prev\"><i aria-hidden=\"true\" class=\"fas fa-angle-left\"><\/i><span class=\"elementor-screen-only\">Prev<\/span><\/span><span class=\"elementor-post-navigation__link__prev\"><span class=\"post-navigation__prev--label\">Anterior<\/span><span class=\"post-navigation__prev--title\">Com apliquem el m\u00e8tode BIM (Building Information Modelling)<\/span><\/span><\/a>\t\t\t<\/div>\n\t\t\t\t\t\t<div class=\"elementor-post-navigation__next elementor-post-navigation__link\">\n\t\t\t\t<a href=\"https:\/\/egein.com\/ca\/encara-no-tens-les-cobertes-de-la-teva-nau-amb-fibrociment\/\" rel=\"next\"><span class=\"elementor-post-navigation__link__next\"><span class=\"post-navigation__next--label\">Seg\u00fcent<\/span><span class=\"post-navigation__next--title\">Encara tens les cobertes de la teva nau amb fibrociment?<\/span><\/span><span class=\"post-navigation__arrow-wrapper post-navigation__arrow-next\"><i aria-hidden=\"true\" class=\"fas fa-angle-right\"><\/i><span class=\"elementor-screen-only\">Next<\/span><\/span><\/a>\t\t\t<\/div>\n\t\t<\/div>\n\t\t\t\t\t\t<\/div>\n\t\t\t\t<\/div>\n\t\t\t\t\t<\/div>\n\t\t<\/div>\n\t\t\t\t\t<\/div>\n\t\t<\/section>\n\t\t\t\t\t<\/div>\n\t\t<\/div>\n\t\t\t\t\t<\/div>\n\t\t<\/section>\n\t\t\t\t<section class=\"elementor-section elementor-top-section elementor-element elementor-element-2c7625f6 elementor-section-boxed elementor-section-height-default elementor-section-height-default\" data-id=\"2c7625f6\" data-element_type=\"section\" data-e-type=\"section\">\n\t\t\t\t\t\t<div class=\"elementor-container elementor-column-gap-default\">\n\t\t\t\t\t<div class=\"elementor-column elementor-col-100 elementor-top-column elementor-element elementor-element-3f23f153\" data-id=\"3f23f153\" data-element_type=\"column\" data-e-type=\"column\">\n\t\t\t<div class=\"elementor-widget-wrap elementor-element-populated\">\n\t\t\t\t\t\t<div class=\"elementor-element elementor-element-7a1fec82 elementor-widget__width-auto elementor-absolute elementor-widget-mobile__width-initial elementor-view-default elementor-widget elementor-widget-icon\" data-id=\"7a1fec82\" data-element_type=\"widget\" data-e-type=\"widget\" data-settings=\"{&quot;_position&quot;:&quot;absolute&quot;}\" data-widget_type=\"icon.default\">\n\t\t\t\t<div class=\"elementor-widget-container\">\n\t\t\t\t\t\t\t<div class=\"elementor-icon-wrapper\">\n\t\t\t<div class=\"elementor-icon\">\n\t\t\t<svg xmlns=\"http:\/\/www.w3.org\/2000\/svg\" id=\"a72f1db4-4b9f-4cbc-ac4c-a54efeaf8336\" data-name=\"Layer 1\" width=\"100\" height=\"100\" viewBox=\"0 0 100 100\"><title>Shape<\/title><path id=\"aecdc5f9-a79f-465f-8b06-186d589ccd57\" data-name=\"Shape\" d=\"M0,100V0H50V50h50v50Z\" style=\"fill-rule:evenodd\"><\/path><\/svg>\t\t\t<\/div>\n\t\t<\/div>\n\t\t\t\t\t\t<\/div>\n\t\t\t\t<\/div>\n\t\t\t\t<section class=\"elementor-section elementor-inner-section elementor-element elementor-element-568942ab elementor-section-boxed elementor-section-height-default elementor-section-height-default\" data-id=\"568942ab\" data-element_type=\"section\" data-e-type=\"section\">\n\t\t\t\t\t\t<div class=\"elementor-container elementor-column-gap-default\">\n\t\t\t\t\t<div class=\"elementor-column elementor-col-50 elementor-inner-column elementor-element elementor-element-1368e684\" data-id=\"1368e684\" data-element_type=\"column\" data-e-type=\"column\">\n\t\t\t<div class=\"elementor-widget-wrap elementor-element-populated\">\n\t\t\t\t\t\t<div class=\"elementor-element elementor-element-48c482ee elementor-widget elementor-widget-heading\" data-id=\"48c482ee\" data-element_type=\"widget\" data-e-type=\"widget\" data-widget_type=\"heading.default\">\n\t\t\t\t<div class=\"elementor-widget-container\">\n\t\t\t\t\t<h3 class=\"elementor-heading-title elementor-size-default\">Els nostres projectes<\/h3>\t\t\t\t<\/div>\n\t\t\t\t<\/div>\n\t\t\t\t<div class=\"elementor-element elementor-element-330c495e elementor-widget elementor-widget-heading\" data-id=\"330c495e\" data-element_type=\"widget\" data-e-type=\"widget\" data-widget_type=\"heading.default\">\n\t\t\t\t<div class=\"elementor-widget-container\">\n\t\t\t\t\t<h2 class=\"elementor-heading-title elementor-size-default\">Explora les nostres construccions.<\/h2>\t\t\t\t<\/div>\n\t\t\t\t<\/div>\n\t\t\t\t\t<\/div>\n\t\t<\/div>\n\t\t\t\t<div class=\"elementor-column elementor-col-50 elementor-inner-column elementor-element elementor-element-2169641e\" data-id=\"2169641e\" data-element_type=\"column\" data-e-type=\"column\">\n\t\t\t<div class=\"elementor-widget-wrap elementor-element-populated\">\n\t\t\t\t\t\t<div class=\"elementor-element elementor-element-5d48ae1f elementor-widget elementor-widget-text-editor\" data-id=\"5d48ae1f\" data-element_type=\"widget\" data-e-type=\"widget\" data-widget_type=\"text-editor.default\">\n\t\t\t\t<div class=\"elementor-widget-container\">\n\t\t\t\t\t\t\t\t\t<p>Acompanyem als nostres clients des de fa m\u00e9s de\u00a0<span class=\"hiddenGreenError\">45<\/span> anys en el desenvolupament del projecte fins a la posada en marxa de les instal\u00b7lacions amb el rigor, comprom\u00eds i professionalitat que ens caracteritzen.<\/p>\n\t\t\t\t\t\t\t\t<\/div>\n\t\t\t\t<\/div>\n\t\t\t\t\t<\/div>\n\t\t<\/div>\n\t\t\t\t\t<\/div>\n\t\t<\/section>\n\t\t\t\t<div class=\"elementor-element elementor-element-120fa700 elementor-grid-3 elementor-grid-tablet-2 elementor-grid-mobile-1 elementor-posts--thumbnail-top elementor-widget elementor-widget-posts\" data-id=\"120fa700\" data-element_type=\"widget\" data-e-type=\"widget\" data-settings=\"{&quot;classic_row_gap&quot;:{&quot;unit&quot;:&quot;px&quot;,&quot;size&quot;:&quot;50&quot;,&quot;sizes&quot;:[]},&quot;classic_columns&quot;:&quot;3&quot;,&quot;classic_columns_tablet&quot;:&quot;2&quot;,&quot;classic_columns_mobile&quot;:&quot;1&quot;,&quot;classic_row_gap_tablet&quot;:{&quot;unit&quot;:&quot;px&quot;,&quot;size&quot;:&quot;&quot;,&quot;sizes&quot;:[]},&quot;classic_row_gap_mobile&quot;:{&quot;unit&quot;:&quot;px&quot;,&quot;size&quot;:&quot;&quot;,&quot;sizes&quot;:[]}}\" data-widget_type=\"posts.classic\">\n\t\t\t\t<div class=\"elementor-widget-container\">\n\t\t\t\t\t\t\t<div class=\"elementor-posts-container elementor-posts elementor-posts--skin-classic elementor-grid\" role=\"list\">\n\t\t\t\t<article class=\"elementor-post elementor-grid-item post-17875 post type-post status-publish format-standard has-post-thumbnail hentry category-noticies tag-bim-ca tag-construccio-industrial tag-egein-ca tag-layout-industrial-ca tag-naus-industrials tag-sant-jordi\" role=\"listitem\">\n\t\t\t\t<a class=\"elementor-post__thumbnail__link\" href=\"https:\/\/egein.com\/ca\/sant-jordi-roses-llibres-i-naus-industrials-sobre-lart-de-saber-llegir-un-espai\/\" tabindex=\"-1\" >\n\t\t\t<div class=\"elementor-post__thumbnail\"><img decoding=\"async\" width=\"1200\" height=\"660\" src=\"https:\/\/egein.com\/wp-content\/uploads\/2026\/04\/egein-post-Sant-Jordi-y-naves-industriales.jpg\" class=\"attachment-full size-full wp-image-17874\" alt=\"Sant Jordi i naus industrials\" srcset=\"https:\/\/egein.com\/wp-content\/uploads\/2026\/04\/egein-post-Sant-Jordi-y-naves-industriales.jpg 1200w, https:\/\/egein.com\/wp-content\/uploads\/2026\/04\/egein-post-Sant-Jordi-y-naves-industriales-300x165.jpg 300w, https:\/\/egein.com\/wp-content\/uploads\/2026\/04\/egein-post-Sant-Jordi-y-naves-industriales-1024x563.jpg 1024w, https:\/\/egein.com\/wp-content\/uploads\/2026\/04\/egein-post-Sant-Jordi-y-naves-industriales-768x422.jpg 768w\" sizes=\"(max-width: 1200px) 100vw, 1200px\" \/><\/div>\n\t\t<\/a>\n\t\t\t\t<div class=\"elementor-post__text\">\n\t\t\t\t<h3 class=\"elementor-post__title\">\n\t\t\t<a href=\"https:\/\/egein.com\/ca\/sant-jordi-roses-llibres-i-naus-industrials-sobre-lart-de-saber-llegir-un-espai\/\" >\n\t\t\t\tSant Jordi, roses, llibres i naus industrials: sobre l&#8217;art de saber llegir un espai\t\t\t<\/a>\n\t\t<\/h3>\n\t\t\n\t\t<a class=\"elementor-post__read-more\" href=\"https:\/\/egein.com\/ca\/sant-jordi-roses-llibres-i-naus-industrials-sobre-lart-de-saber-llegir-un-espai\/\" aria-label=\"Read more about Sant Jordi, roses, llibres i naus industrials: sobre l&#8217;art de saber llegir un espai\" tabindex=\"-1\" >\n\t\t\tVeure projecte\t\t<\/a>\n\n\t\t\t\t<\/div>\n\t\t\t\t<\/article>\n\t\t\t\t<article class=\"elementor-post elementor-grid-item post-17860 post type-post status-publish format-standard has-post-thumbnail hentry category-noticies tag-bim-ca tag-eficiencia-operativa-ca tag-egein-ca tag-enginyeria tag-industria-ca tag-logistica-ca tag-projectes-industrials\" role=\"listitem\">\n\t\t\t\t<a class=\"elementor-post__thumbnail__link\" href=\"https:\/\/egein.com\/ca\/el-que-esta-canviant-als-projectes-industrials-i-per-que-ja-no-es-opcional\/\" tabindex=\"-1\" >\n\t\t\t<div class=\"elementor-post__thumbnail\"><img decoding=\"async\" width=\"836\" height=\"472\" src=\"https:\/\/egein.com\/wp-content\/uploads\/2026\/04\/egein-post-web-proyectos-industriales.jpg\" class=\"attachment-full size-full wp-image-17859\" alt=\"proyectos industriales\" srcset=\"https:\/\/egein.com\/wp-content\/uploads\/2026\/04\/egein-post-web-proyectos-industriales.jpg 836w, https:\/\/egein.com\/wp-content\/uploads\/2026\/04\/egein-post-web-proyectos-industriales-300x169.jpg 300w, https:\/\/egein.com\/wp-content\/uploads\/2026\/04\/egein-post-web-proyectos-industriales-768x434.jpg 768w\" sizes=\"(max-width: 836px) 100vw, 836px\" \/><\/div>\n\t\t<\/a>\n\t\t\t\t<div class=\"elementor-post__text\">\n\t\t\t\t<h3 class=\"elementor-post__title\">\n\t\t\t<a href=\"https:\/\/egein.com\/ca\/el-que-esta-canviant-als-projectes-industrials-i-per-que-ja-no-es-opcional\/\" >\n\t\t\t\tEl que est\u00e0 canviant als projectes industrials (i per qu\u00e8 ja no \u00e9s opcional)\t\t\t<\/a>\n\t\t<\/h3>\n\t\t\n\t\t<a class=\"elementor-post__read-more\" href=\"https:\/\/egein.com\/ca\/el-que-esta-canviant-als-projectes-industrials-i-per-que-ja-no-es-opcional\/\" aria-label=\"Read more about El que est\u00e0 canviant als projectes industrials (i per qu\u00e8 ja no \u00e9s opcional)\" tabindex=\"-1\" >\n\t\t\tVeure projecte\t\t<\/a>\n\n\t\t\t\t<\/div>\n\t\t\t\t<\/article>\n\t\t\t\t<article class=\"elementor-post elementor-grid-item post-17850 post type-post status-publish format-standard has-post-thumbnail hentry category-noticies tag-automatitzacio-logistica tag-construccio-logistica tag-egein-ca tag-flexibilitat-logistica tag-logistica-industrial tag-plataforma-logistica\" role=\"listitem\">\n\t\t\t\t<a class=\"elementor-post__thumbnail__link\" href=\"https:\/\/egein.com\/ca\/infraestructura-logistica-com-a-decisio-de-negoci\/\" tabindex=\"-1\" >\n\t\t\t<div class=\"elementor-post__thumbnail\"><img loading=\"lazy\" decoding=\"async\" width=\"1920\" height=\"1080\" src=\"https:\/\/egein.com\/wp-content\/uploads\/2026\/04\/egein-post-web-infraestructura-logistica.jpg\" class=\"attachment-full size-full wp-image-17849\" alt=\"infraestructura log\u00edstica\" srcset=\"https:\/\/egein.com\/wp-content\/uploads\/2026\/04\/egein-post-web-infraestructura-logistica.jpg 1920w, https:\/\/egein.com\/wp-content\/uploads\/2026\/04\/egein-post-web-infraestructura-logistica-300x169.jpg 300w, https:\/\/egein.com\/wp-content\/uploads\/2026\/04\/egein-post-web-infraestructura-logistica-1024x576.jpg 1024w, https:\/\/egein.com\/wp-content\/uploads\/2026\/04\/egein-post-web-infraestructura-logistica-768x432.jpg 768w, https:\/\/egein.com\/wp-content\/uploads\/2026\/04\/egein-post-web-infraestructura-logistica-1536x864.jpg 1536w\" sizes=\"(max-width: 1920px) 100vw, 1920px\" \/><\/div>\n\t\t<\/a>\n\t\t\t\t<div class=\"elementor-post__text\">\n\t\t\t\t<h3 class=\"elementor-post__title\">\n\t\t\t<a href=\"https:\/\/egein.com\/ca\/infraestructura-logistica-com-a-decisio-de-negoci\/\" >\n\t\t\t\tInfraestructura log\u00edstica com a decisi\u00f3 de negoci\t\t\t<\/a>\n\t\t<\/h3>\n\t\t\n\t\t<a class=\"elementor-post__read-more\" href=\"https:\/\/egein.com\/ca\/infraestructura-logistica-com-a-decisio-de-negoci\/\" aria-label=\"Read more about Infraestructura log\u00edstica com a decisi\u00f3 de negoci\" tabindex=\"-1\" >\n\t\t\tVeure projecte\t\t<\/a>\n\n\t\t\t\t<\/div>\n\t\t\t\t<\/article>\n\t\t\t\t<\/div>\n\t\t\n\t\t\t\t\t\t<\/div>\n\t\t\t\t<\/div>\n\t\t\t\t<div class=\"elementor-element elementor-element-3acb25f7 elementor-align-center elementor-widget elementor-widget-button\" data-id=\"3acb25f7\" data-element_type=\"widget\" data-e-type=\"widget\" data-widget_type=\"button.default\">\n\t\t\t\t<div class=\"elementor-widget-container\">\n\t\t\t\t\t\t\t\t\t<div class=\"elementor-button-wrapper\">\n\t\t\t\t\t<a class=\"elementor-button elementor-button-link elementor-size-sm\" href=\"https:\/\/egein.com\/ca\/obres-realitzades\/\">\n\t\t\t\t\t\t<span class=\"elementor-button-content-wrapper\">\n\t\t\t\t\t\t<span class=\"elementor-button-icon\">\n\t\t\t\t<i aria-hidden=\"true\" class=\"fas fa-angle-right\"><\/i>\t\t\t<\/span>\n\t\t\t\t\t\t\t\t\t<span class=\"elementor-button-text\">Veure tots els projectes<\/span>\n\t\t\t\t\t<\/span>\n\t\t\t\t\t<\/a>\n\t\t\t\t<\/div>\n\t\t\t\t\t\t\t\t<\/div>\n\t\t\t\t<\/div>\n\t\t\t\t\t<\/div>\n\t\t<\/div>\n\t\t\t\t\t<\/div>\n\t\t<\/section>\n\t\t\t\t<\/div>\n\t\t","protected":false},"excerpt":{"rendered":"<p>EGEIN&nbsp;ha&nbsp;dissenyat la instal\u00b7laci\u00f3 Solar Fotovoltaica en una construcci\u00f3 industrial de ferro Egein&nbsp;realitza el disseny de la instal\u00b7laci\u00f3 solar fotovoltaica per autoconsum de&nbsp;240kWp, instal\u00b7lada sobre una<\/p>\n","protected":false},"author":2,"featured_media":3878,"comment_status":"closed","ping_status":"closed","sticky":false,"template":"elementor_header_footer","format":"standard","meta":{"footnotes":""},"categories":[48],"tags":[],"class_list":["post-3876","post","type-post","status-publish","format-standard","has-post-thumbnail","hentry","category-noticies"],"_links":{"self":[{"href":"https:\/\/egein.com\/ca\/wp-json\/wp\/v2\/posts\/3876","targetHints":{"allow":["GET"]}}],"collection":[{"href":"https:\/\/egein.com\/ca\/wp-json\/wp\/v2\/posts"}],"about":[{"href":"https:\/\/egein.com\/ca\/wp-json\/wp\/v2\/types\/post"}],"author":[{"embeddable":true,"href":"https:\/\/egein.com\/ca\/wp-json\/wp\/v2\/users\/2"}],"replies":[{"embeddable":true,"href":"https:\/\/egein.com\/ca\/wp-json\/wp\/v2\/comments?post=3876"}],"version-history":[{"count":0,"href":"https:\/\/egein.com\/ca\/wp-json\/wp\/v2\/posts\/3876\/revisions"}],"wp:featuredmedia":[{"embeddable":true,"href":"https:\/\/egein.com\/ca\/wp-json\/wp\/v2\/media\/3878"}],"wp:attachment":[{"href":"https:\/\/egein.com\/ca\/wp-json\/wp\/v2\/media?parent=3876"}],"wp:term":[{"taxonomy":"category","embeddable":true,"href":"https:\/\/egein.com\/ca\/wp-json\/wp\/v2\/categories?post=3876"},{"taxonomy":"post_tag","embeddable":true,"href":"https:\/\/egein.com\/ca\/wp-json\/wp\/v2\/tags?post=3876"}],"curies":[{"name":"wp","href":"https:\/\/api.w.org\/{rel}","templated":true}]}}