{"id":3871,"date":"2021-04-29T10:16:16","date_gmt":"2021-04-29T10:16:16","guid":{"rendered":"https:\/\/egein.com\/encara-no-tens-les-cobertes-de-la-teva-nau-amb-fibrociment\/"},"modified":"2021-05-31T12:16:25","modified_gmt":"2021-05-31T12:16:25","slug":"encara-no-tens-les-cobertes-de-la-teva-nau-amb-fibrociment","status":"publish","type":"post","link":"https:\/\/egein.com\/ca\/encara-no-tens-les-cobertes-de-la-teva-nau-amb-fibrociment\/","title":{"rendered":"Encara tens les cobertes de la teva nau amb fibrociment?"},"content":{"rendered":"\t\t<div data-elementor-type=\"wp-post\" data-elementor-id=\"3871\" class=\"elementor elementor-3871 elementor-3842\" data-elementor-post-type=\"post\">\n\t\t\t\t\t\t<section class=\"elementor-section elementor-top-section elementor-element elementor-element-10b3c009 elementor-section-height-min-height elementor-section-items-stretch elementor-section-boxed elementor-section-height-default\" data-id=\"10b3c009\" data-element_type=\"section\" data-e-type=\"section\" data-settings=\"{&quot;background_background&quot;:&quot;classic&quot;,&quot;background_motion_fx_motion_fx_scrolling&quot;:&quot;yes&quot;,&quot;background_motion_fx_translateX_effect&quot;:&quot;yes&quot;,&quot;background_motion_fx_translateX_speed&quot;:{&quot;unit&quot;:&quot;px&quot;,&quot;size&quot;:4,&quot;sizes&quot;:[]},&quot;background_motion_fx_translateX_affectedRange&quot;:{&quot;unit&quot;:&quot;%&quot;,&quot;size&quot;:&quot;&quot;,&quot;sizes&quot;:{&quot;start&quot;:0,&quot;end&quot;:100}},&quot;background_motion_fx_devices&quot;:[&quot;desktop&quot;,&quot;tablet&quot;,&quot;mobile&quot;]}\">\n\t\t\t\t\t\t<div class=\"elementor-container elementor-column-gap-default\">\n\t\t\t\t\t<div class=\"elementor-column elementor-col-100 elementor-top-column elementor-element elementor-element-56b3b05d\" data-id=\"56b3b05d\" data-element_type=\"column\" data-e-type=\"column\">\n\t\t\t<div class=\"elementor-widget-wrap\">\n\t\t\t\t\t\t\t<\/div>\n\t\t<\/div>\n\t\t\t\t\t<\/div>\n\t\t<\/section>\n\t\t\t\t<section class=\"elementor-section elementor-top-section elementor-element elementor-element-c333173 elementor-section-boxed elementor-section-height-default elementor-section-height-default\" data-id=\"c333173\" data-element_type=\"section\" data-e-type=\"section\">\n\t\t\t\t\t\t<div class=\"elementor-container elementor-column-gap-default\">\n\t\t\t\t\t<div class=\"elementor-column elementor-col-100 elementor-top-column elementor-element elementor-element-212e37b5\" data-id=\"212e37b5\" data-element_type=\"column\" data-e-type=\"column\">\n\t\t\t<div class=\"elementor-widget-wrap elementor-element-populated\">\n\t\t\t\t\t\t<section class=\"elementor-section elementor-inner-section elementor-element elementor-element-6a33b066 elementor-section-boxed elementor-section-height-default elementor-section-height-default\" data-id=\"6a33b066\" data-element_type=\"section\" data-e-type=\"section\">\n\t\t\t\t\t\t<div class=\"elementor-container elementor-column-gap-default\">\n\t\t\t\t\t<div class=\"elementor-column elementor-col-100 elementor-inner-column elementor-element elementor-element-40c36c89\" data-id=\"40c36c89\" data-element_type=\"column\" data-e-type=\"column\">\n\t\t\t<div class=\"elementor-widget-wrap elementor-element-populated\">\n\t\t\t\t\t\t<div class=\"elementor-element elementor-element-6d799c3d elementor-widget elementor-widget-heading\" data-id=\"6d799c3d\" data-element_type=\"widget\" data-e-type=\"widget\" data-widget_type=\"heading.default\">\n\t\t\t\t<div class=\"elementor-widget-container\">\n\t\t\t\t\t<h1 class=\"elementor-heading-title elementor-size-default\">Encara tens les cobertes de la teva nau amb fibrociment?<\/h1>\t\t\t\t<\/div>\n\t\t\t\t<\/div>\n\t\t\t\t<div class=\"elementor-element elementor-element-30afa7bb elementor-tablet-align-center elementor-widget elementor-widget-post-info\" data-id=\"30afa7bb\" data-element_type=\"widget\" data-e-type=\"widget\" data-widget_type=\"post-info.default\">\n\t\t\t\t<div class=\"elementor-widget-container\">\n\t\t\t\t\t\t\t<ul class=\"elementor-inline-items elementor-icon-list-items elementor-post-info\">\n\t\t\t\t\t\t\t\t<li class=\"elementor-icon-list-item elementor-repeater-item-07d5219 elementor-inline-item\" itemprop=\"datePublished\">\n\t\t\t\t\t\t<a href=\"https:\/\/egein.com\/ca\/2021\/04\/29\/\">\n\t\t\t\t\t\t\t\t\t\t\t<span class=\"elementor-icon-list-icon\">\n\t\t\t\t\t\t\t\t<i aria-hidden=\"true\" class=\"fas fa-calendar\"><\/i>\t\t\t\t\t\t\t<\/span>\n\t\t\t\t\t\t\t\t\t<span class=\"elementor-icon-list-text elementor-post-info__item elementor-post-info__item--type-date\">\n\t\t\t\t\t\t\t\t\t\t<time>abril 29, 2021<\/time>\t\t\t\t\t<\/span>\n\t\t\t\t\t\t\t\t\t<\/a>\n\t\t\t\t<\/li>\n\t\t\t\t<\/ul>\n\t\t\t\t\t\t<\/div>\n\t\t\t\t<\/div>\n\t\t\t\t\t<\/div>\n\t\t<\/div>\n\t\t\t\t\t<\/div>\n\t\t<\/section>\n\t\t\t\t<section class=\"elementor-section elementor-inner-section elementor-element elementor-element-3c9cd3e2 elementor-section-boxed elementor-section-height-default elementor-section-height-default\" data-id=\"3c9cd3e2\" data-element_type=\"section\" data-e-type=\"section\">\n\t\t\t\t\t\t<div class=\"elementor-container elementor-column-gap-default\">\n\t\t\t\t\t<div class=\"elementor-column elementor-col-100 elementor-inner-column elementor-element elementor-element-7ace0402\" data-id=\"7ace0402\" data-element_type=\"column\" data-e-type=\"column\">\n\t\t\t<div class=\"elementor-widget-wrap elementor-element-populated\">\n\t\t\t\t\t\t<div class=\"elementor-element elementor-element-80f0c73 elementor-widget elementor-widget-heading\" data-id=\"80f0c73\" data-element_type=\"widget\" data-e-type=\"widget\" data-widget_type=\"heading.default\">\n\t\t\t\t<div class=\"elementor-widget-container\">\n\t\t\t\t\t<h2 class=\"elementor-heading-title elementor-size-default\">Sabies que es va aprovar una llei que estableix l'obligaci\u00f3 de la retirada?<br><\/h2>\t\t\t\t<\/div>\n\t\t\t\t<\/div>\n\t\t\t\t<div class=\"elementor-element elementor-element-5e22af4e elementor-widget elementor-widget-text-editor\" data-id=\"5e22af4e\" data-element_type=\"widget\" data-e-type=\"widget\" data-widget_type=\"text-editor.default\">\n\t\t\t\t<div class=\"elementor-widget-container\">\n\t\t\t\t\t\t\t\t\t<p>Informar-te que l&#8217;esborrany del projecte de Llei de Residus i S\u00f2ls Contaminats que s&#8217;hauria d&#8217;aprovar abans d&#8217;estiu a la disposici\u00f3 addicional 14a estableix el seg\u00fcent en relaci\u00f3 amb les instal\u00b7lacions i empla\u00e7aments amb amiant: Abans de l&#8217;1 de gener de 2023, els ajuntaments han d&#8217;elaborar un cens d&#8217;instal\u00b7lacions i empla\u00e7aments amb amiant incloent un calendari que planifiqui la seva retirada. Dit cens, que tindr\u00e0 car\u00e0cter p\u00fablic, ser\u00e0 rem\u00e8s a les autoritats sanit\u00e0ries i mediambientals competents de les comunitats aut\u00f2nomes, les quals han d&#8217;inspeccionar per verificar, respectivament, que s&#8217;han retirat i enviat a un gestor autoritzat.<\/p>\n<p>Per\u00a0m\u00e9s\u00a0informaci\u00f3 pots veure el seg\u00fcent enlla\u00e7: <a href=\"https:\/\/lnkd.in\/ePrrRzk\">https:\/\/lnkd.in\/ePrrRzk<\/a><\/p>\n<p>Si vols anticipar-te a aquest problema, pots gestionar la retirada de la coberta de fibrociment i realitat una nova coberta sense risc de salut, amb millors prestacions d&#8217;estanquitat, a\u00efllament i il\u00b7luminaci\u00f3 natural.<\/p>\n<p>Et podem informar i fer un pressupost de substituci\u00f3 de la coberta:<a href=\"http:\/\/www.egein.com\/\" data-attribute-index=\"1\"> www.egein.com<\/a><\/p>\n\t\t\t\t\t\t\t\t<\/div>\n\t\t\t\t<\/div>\n\t\t\t\t<div class=\"elementor-element elementor-element-654cdc34 elementor-widget elementor-widget-heading\" data-id=\"654cdc34\" data-element_type=\"widget\" data-e-type=\"widget\" data-widget_type=\"heading.default\">\n\t\t\t\t<div class=\"elementor-widget-container\">\n\t\t\t\t\t<h3 class=\"elementor-heading-title elementor-size-default\">Compartir<\/h3>\t\t\t\t<\/div>\n\t\t\t\t<\/div>\n\t\t\t\t<div class=\"elementor-element elementor-element-d78517c elementor-share-buttons--view-icon elementor-share-buttons--skin-minimal elementor-share-buttons--color-custom elementor-share-buttons--shape-square elementor-grid-0 elementor-widget elementor-widget-share-buttons\" data-id=\"d78517c\" data-element_type=\"widget\" data-e-type=\"widget\" data-widget_type=\"share-buttons.default\">\n\t\t\t\t<div class=\"elementor-widget-container\">\n\t\t\t\t\t\t\t<div class=\"elementor-grid\" role=\"list\">\n\t\t\t\t\t\t\t\t<div class=\"elementor-grid-item\" role=\"listitem\">\n\t\t\t\t\t\t<div class=\"elementor-share-btn elementor-share-btn_facebook\" role=\"button\" tabindex=\"0\" aria-label=\"Compartici\u00f3 en facebook\">\n\t\t\t\t\t\t\t\t\t\t\t\t\t\t\t<span class=\"elementor-share-btn__icon\">\n\t\t\t\t\t\t\t\t<i class=\"fab fa-facebook\" aria-hidden=\"true\"><\/i>\t\t\t\t\t\t\t<\/span>\n\t\t\t\t\t\t\t\t\t\t\t\t\t\t\t\t\t\t\t\t<\/div>\n\t\t\t\t\t<\/div>\n\t\t\t\t\t\t\t\t\t<div class=\"elementor-grid-item\" role=\"listitem\">\n\t\t\t\t\t\t<div class=\"elementor-share-btn elementor-share-btn_linkedin\" role=\"button\" tabindex=\"0\" aria-label=\"Compartici\u00f3 en linkedin\">\n\t\t\t\t\t\t\t\t\t\t\t\t\t\t\t<span class=\"elementor-share-btn__icon\">\n\t\t\t\t\t\t\t\t<i class=\"fab fa-linkedin\" aria-hidden=\"true\"><\/i>\t\t\t\t\t\t\t<\/span>\n\t\t\t\t\t\t\t\t\t\t\t\t\t\t\t\t\t\t\t\t<\/div>\n\t\t\t\t\t<\/div>\n\t\t\t\t\t\t\t\t\t<div class=\"elementor-grid-item\" role=\"listitem\">\n\t\t\t\t\t\t<div class=\"elementor-share-btn elementor-share-btn_twitter\" role=\"button\" tabindex=\"0\" aria-label=\"Compartici\u00f3 en twitter\">\n\t\t\t\t\t\t\t\t\t\t\t\t\t\t\t<span class=\"elementor-share-btn__icon\">\n\t\t\t\t\t\t\t\t<i class=\"fab fa-twitter\" aria-hidden=\"true\"><\/i>\t\t\t\t\t\t\t<\/span>\n\t\t\t\t\t\t\t\t\t\t\t\t\t\t\t\t\t\t\t\t<\/div>\n\t\t\t\t\t<\/div>\n\t\t\t\t\t\t\t\t\t<div class=\"elementor-grid-item\" role=\"listitem\">\n\t\t\t\t\t\t<div class=\"elementor-share-btn elementor-share-btn_email\" role=\"button\" tabindex=\"0\" aria-label=\"Compartici\u00f3 en email\">\n\t\t\t\t\t\t\t\t\t\t\t\t\t\t\t<span class=\"elementor-share-btn__icon\">\n\t\t\t\t\t\t\t\t<i class=\"fas fa-envelope\" aria-hidden=\"true\"><\/i>\t\t\t\t\t\t\t<\/span>\n\t\t\t\t\t\t\t\t\t\t\t\t\t\t\t\t\t\t\t\t<\/div>\n\t\t\t\t\t<\/div>\n\t\t\t\t\t\t<\/div>\n\t\t\t\t\t\t<\/div>\n\t\t\t\t<\/div>\n\t\t\t\t<div class=\"elementor-element elementor-element-6dc14601 elementor-widget elementor-widget-post-navigation\" data-id=\"6dc14601\" data-element_type=\"widget\" data-e-type=\"widget\" data-widget_type=\"post-navigation.default\">\n\t\t\t\t<div class=\"elementor-widget-container\">\n\t\t\t\t\t\t\t<div class=\"elementor-post-navigation\" role=\"navigation\" aria-label=\"Post Navigation\">\n\t\t\t<div class=\"elementor-post-navigation__prev elementor-post-navigation__link\">\n\t\t\t\t<a href=\"https:\/\/egein.com\/ca\/installacio-fotovoltaica-en-celra\/\" rel=\"prev\"><span class=\"post-navigation__arrow-wrapper post-navigation__arrow-prev\"><i aria-hidden=\"true\" class=\"fas fa-angle-left\"><\/i><span class=\"elementor-screen-only\">Prev<\/span><\/span><span class=\"elementor-post-navigation__link__prev\"><span class=\"post-navigation__prev--label\">Anterior<\/span><span class=\"post-navigation__prev--title\">Instal\u00b7laci\u00f3 fotovoltaica en Celr\u00e0<\/span><\/span><\/a>\t\t\t<\/div>\n\t\t\t\t\t\t<div class=\"elementor-post-navigation__next elementor-post-navigation__link\">\n\t\t\t\t<a href=\"https:\/\/egein.com\/ca\/nou-projecte-enginyeria\/\" rel=\"next\"><span class=\"elementor-post-navigation__link__next\"><span class=\"post-navigation__next--label\">Seg\u00fcent<\/span><span class=\"post-navigation__next--title\">Nou projecte Enginyeria<\/span><\/span><span class=\"post-navigation__arrow-wrapper post-navigation__arrow-next\"><i aria-hidden=\"true\" class=\"fas fa-angle-right\"><\/i><span class=\"elementor-screen-only\">Next<\/span><\/span><\/a>\t\t\t<\/div>\n\t\t<\/div>\n\t\t\t\t\t\t<\/div>\n\t\t\t\t<\/div>\n\t\t\t\t\t<\/div>\n\t\t<\/div>\n\t\t\t\t\t<\/div>\n\t\t<\/section>\n\t\t\t\t\t<\/div>\n\t\t<\/div>\n\t\t\t\t\t<\/div>\n\t\t<\/section>\n\t\t\t\t<section class=\"elementor-section elementor-top-section elementor-element elementor-element-58b2b621 elementor-section-boxed elementor-section-height-default elementor-section-height-default\" data-id=\"58b2b621\" data-element_type=\"section\" data-e-type=\"section\">\n\t\t\t\t\t\t<div class=\"elementor-container elementor-column-gap-default\">\n\t\t\t\t\t<div class=\"elementor-column elementor-col-100 elementor-top-column elementor-element elementor-element-7213cf53\" data-id=\"7213cf53\" data-element_type=\"column\" data-e-type=\"column\">\n\t\t\t<div class=\"elementor-widget-wrap elementor-element-populated\">\n\t\t\t\t\t\t<div class=\"elementor-element elementor-element-45e91604 elementor-widget__width-auto elementor-absolute elementor-widget-mobile__width-initial elementor-view-default elementor-widget elementor-widget-icon\" data-id=\"45e91604\" data-element_type=\"widget\" data-e-type=\"widget\" data-settings=\"{&quot;_position&quot;:&quot;absolute&quot;}\" data-widget_type=\"icon.default\">\n\t\t\t\t<div class=\"elementor-widget-container\">\n\t\t\t\t\t\t\t<div class=\"elementor-icon-wrapper\">\n\t\t\t<div class=\"elementor-icon\">\n\t\t\t<svg xmlns=\"http:\/\/www.w3.org\/2000\/svg\" id=\"a72f1db4-4b9f-4cbc-ac4c-a54efeaf8336\" data-name=\"Layer 1\" width=\"100\" height=\"100\" viewBox=\"0 0 100 100\"><title>Shape<\/title><path id=\"aecdc5f9-a79f-465f-8b06-186d589ccd57\" data-name=\"Shape\" d=\"M0,100V0H50V50h50v50Z\" style=\"fill-rule:evenodd\"><\/path><\/svg>\t\t\t<\/div>\n\t\t<\/div>\n\t\t\t\t\t\t<\/div>\n\t\t\t\t<\/div>\n\t\t\t\t<section class=\"elementor-section elementor-inner-section elementor-element elementor-element-2651aa4d elementor-section-boxed elementor-section-height-default elementor-section-height-default\" data-id=\"2651aa4d\" data-element_type=\"section\" data-e-type=\"section\">\n\t\t\t\t\t\t<div class=\"elementor-container elementor-column-gap-default\">\n\t\t\t\t\t<div class=\"elementor-column elementor-col-50 elementor-inner-column elementor-element elementor-element-1e4cca69\" data-id=\"1e4cca69\" data-element_type=\"column\" data-e-type=\"column\">\n\t\t\t<div class=\"elementor-widget-wrap elementor-element-populated\">\n\t\t\t\t\t\t<div class=\"elementor-element elementor-element-659b12be elementor-widget elementor-widget-heading\" data-id=\"659b12be\" data-element_type=\"widget\" data-e-type=\"widget\" data-widget_type=\"heading.default\">\n\t\t\t\t<div class=\"elementor-widget-container\">\n\t\t\t\t\t<h3 class=\"elementor-heading-title elementor-size-default\">Els nostres projectes<\/h3>\t\t\t\t<\/div>\n\t\t\t\t<\/div>\n\t\t\t\t<div class=\"elementor-element elementor-element-76be3c0 elementor-widget elementor-widget-heading\" data-id=\"76be3c0\" data-element_type=\"widget\" data-e-type=\"widget\" data-widget_type=\"heading.default\">\n\t\t\t\t<div class=\"elementor-widget-container\">\n\t\t\t\t\t<h2 class=\"elementor-heading-title elementor-size-default\">Explora les nostres construccions.<\/h2>\t\t\t\t<\/div>\n\t\t\t\t<\/div>\n\t\t\t\t\t<\/div>\n\t\t<\/div>\n\t\t\t\t<div class=\"elementor-column elementor-col-50 elementor-inner-column elementor-element elementor-element-3387ad56\" data-id=\"3387ad56\" data-element_type=\"column\" data-e-type=\"column\">\n\t\t\t<div class=\"elementor-widget-wrap elementor-element-populated\">\n\t\t\t\t\t\t<div class=\"elementor-element elementor-element-13b29e16 elementor-widget elementor-widget-text-editor\" data-id=\"13b29e16\" data-element_type=\"widget\" data-e-type=\"widget\" data-widget_type=\"text-editor.default\">\n\t\t\t\t<div class=\"elementor-widget-container\">\n\t\t\t\t\t\t\t\t\t<p>Acompanyem als nostres clients des de fa m\u00e9s de\u00a0<span class=\"hiddenGreenError\">45<\/span> anys en el desenvolupament del projecte fins a la posada en marxa de les instal\u00b7lacions amb el rigor, comprom\u00eds i professionalitat que ens caracteritzen.<\/p>\n\t\t\t\t\t\t\t\t<\/div>\n\t\t\t\t<\/div>\n\t\t\t\t\t<\/div>\n\t\t<\/div>\n\t\t\t\t\t<\/div>\n\t\t<\/section>\n\t\t\t\t<div class=\"elementor-element elementor-element-2eff0519 elementor-grid-3 elementor-grid-tablet-2 elementor-grid-mobile-1 elementor-posts--thumbnail-top elementor-widget elementor-widget-posts\" data-id=\"2eff0519\" data-element_type=\"widget\" data-e-type=\"widget\" data-settings=\"{&quot;classic_row_gap&quot;:{&quot;unit&quot;:&quot;px&quot;,&quot;size&quot;:&quot;50&quot;,&quot;sizes&quot;:[]},&quot;classic_columns&quot;:&quot;3&quot;,&quot;classic_columns_tablet&quot;:&quot;2&quot;,&quot;classic_columns_mobile&quot;:&quot;1&quot;,&quot;classic_row_gap_tablet&quot;:{&quot;unit&quot;:&quot;px&quot;,&quot;size&quot;:&quot;&quot;,&quot;sizes&quot;:[]},&quot;classic_row_gap_mobile&quot;:{&quot;unit&quot;:&quot;px&quot;,&quot;size&quot;:&quot;&quot;,&quot;sizes&quot;:[]}}\" data-widget_type=\"posts.classic\">\n\t\t\t\t<div class=\"elementor-widget-container\">\n\t\t\t\t\t\t\t<div class=\"elementor-posts-container elementor-posts elementor-posts--skin-classic elementor-grid\" role=\"list\">\n\t\t\t\t<article class=\"elementor-post elementor-grid-item post-17875 post type-post status-publish format-standard has-post-thumbnail hentry category-noticies tag-bim-ca tag-construccio-industrial tag-egein-ca tag-layout-industrial-ca tag-naus-industrials tag-sant-jordi\" role=\"listitem\">\n\t\t\t\t<a class=\"elementor-post__thumbnail__link\" href=\"https:\/\/egein.com\/ca\/sant-jordi-roses-llibres-i-naus-industrials-sobre-lart-de-saber-llegir-un-espai\/\" tabindex=\"-1\" >\n\t\t\t<div class=\"elementor-post__thumbnail\"><img fetchpriority=\"high\" decoding=\"async\" width=\"1200\" height=\"660\" src=\"https:\/\/egein.com\/wp-content\/uploads\/2026\/04\/egein-post-Sant-Jordi-y-naves-industriales.jpg\" class=\"attachment-full size-full wp-image-17874\" alt=\"Sant Jordi i naus industrials\" srcset=\"https:\/\/egein.com\/wp-content\/uploads\/2026\/04\/egein-post-Sant-Jordi-y-naves-industriales.jpg 1200w, https:\/\/egein.com\/wp-content\/uploads\/2026\/04\/egein-post-Sant-Jordi-y-naves-industriales-300x165.jpg 300w, https:\/\/egein.com\/wp-content\/uploads\/2026\/04\/egein-post-Sant-Jordi-y-naves-industriales-1024x563.jpg 1024w, https:\/\/egein.com\/wp-content\/uploads\/2026\/04\/egein-post-Sant-Jordi-y-naves-industriales-768x422.jpg 768w\" sizes=\"(max-width: 1200px) 100vw, 1200px\" \/><\/div>\n\t\t<\/a>\n\t\t\t\t<div class=\"elementor-post__text\">\n\t\t\t\t<h3 class=\"elementor-post__title\">\n\t\t\t<a href=\"https:\/\/egein.com\/ca\/sant-jordi-roses-llibres-i-naus-industrials-sobre-lart-de-saber-llegir-un-espai\/\" >\n\t\t\t\tSant Jordi, roses, llibres i naus industrials: sobre l&#8217;art de saber llegir un espai\t\t\t<\/a>\n\t\t<\/h3>\n\t\t\n\t\t<a class=\"elementor-post__read-more\" href=\"https:\/\/egein.com\/ca\/sant-jordi-roses-llibres-i-naus-industrials-sobre-lart-de-saber-llegir-un-espai\/\" aria-label=\"Read more about Sant Jordi, roses, llibres i naus industrials: sobre l&#8217;art de saber llegir un espai\" tabindex=\"-1\" >\n\t\t\tVeure projecte\t\t<\/a>\n\n\t\t\t\t<\/div>\n\t\t\t\t<\/article>\n\t\t\t\t<article class=\"elementor-post elementor-grid-item post-17860 post type-post status-publish format-standard has-post-thumbnail hentry category-noticies tag-bim-ca tag-eficiencia-operativa-ca tag-egein-ca tag-enginyeria tag-industria-ca tag-logistica-ca tag-projectes-industrials\" role=\"listitem\">\n\t\t\t\t<a class=\"elementor-post__thumbnail__link\" href=\"https:\/\/egein.com\/ca\/el-que-esta-canviant-als-projectes-industrials-i-per-que-ja-no-es-opcional\/\" tabindex=\"-1\" >\n\t\t\t<div class=\"elementor-post__thumbnail\"><img decoding=\"async\" width=\"836\" height=\"472\" src=\"https:\/\/egein.com\/wp-content\/uploads\/2026\/04\/egein-post-web-proyectos-industriales.jpg\" class=\"attachment-full size-full wp-image-17859\" alt=\"proyectos industriales\" srcset=\"https:\/\/egein.com\/wp-content\/uploads\/2026\/04\/egein-post-web-proyectos-industriales.jpg 836w, https:\/\/egein.com\/wp-content\/uploads\/2026\/04\/egein-post-web-proyectos-industriales-300x169.jpg 300w, https:\/\/egein.com\/wp-content\/uploads\/2026\/04\/egein-post-web-proyectos-industriales-768x434.jpg 768w\" sizes=\"(max-width: 836px) 100vw, 836px\" \/><\/div>\n\t\t<\/a>\n\t\t\t\t<div class=\"elementor-post__text\">\n\t\t\t\t<h3 class=\"elementor-post__title\">\n\t\t\t<a href=\"https:\/\/egein.com\/ca\/el-que-esta-canviant-als-projectes-industrials-i-per-que-ja-no-es-opcional\/\" >\n\t\t\t\tEl que est\u00e0 canviant als projectes industrials (i per qu\u00e8 ja no \u00e9s opcional)\t\t\t<\/a>\n\t\t<\/h3>\n\t\t\n\t\t<a class=\"elementor-post__read-more\" href=\"https:\/\/egein.com\/ca\/el-que-esta-canviant-als-projectes-industrials-i-per-que-ja-no-es-opcional\/\" aria-label=\"Read more about El que est\u00e0 canviant als projectes industrials (i per qu\u00e8 ja no \u00e9s opcional)\" tabindex=\"-1\" >\n\t\t\tVeure projecte\t\t<\/a>\n\n\t\t\t\t<\/div>\n\t\t\t\t<\/article>\n\t\t\t\t<article class=\"elementor-post elementor-grid-item post-17850 post type-post status-publish format-standard has-post-thumbnail hentry category-noticies tag-automatitzacio-logistica tag-construccio-logistica tag-egein-ca tag-flexibilitat-logistica tag-logistica-industrial tag-plataforma-logistica\" role=\"listitem\">\n\t\t\t\t<a class=\"elementor-post__thumbnail__link\" href=\"https:\/\/egein.com\/ca\/infraestructura-logistica-com-a-decisio-de-negoci\/\" tabindex=\"-1\" >\n\t\t\t<div class=\"elementor-post__thumbnail\"><img decoding=\"async\" width=\"1920\" height=\"1080\" src=\"https:\/\/egein.com\/wp-content\/uploads\/2026\/04\/egein-post-web-infraestructura-logistica.jpg\" class=\"attachment-full size-full wp-image-17849\" alt=\"infraestructura log\u00edstica\" srcset=\"https:\/\/egein.com\/wp-content\/uploads\/2026\/04\/egein-post-web-infraestructura-logistica.jpg 1920w, https:\/\/egein.com\/wp-content\/uploads\/2026\/04\/egein-post-web-infraestructura-logistica-300x169.jpg 300w, https:\/\/egein.com\/wp-content\/uploads\/2026\/04\/egein-post-web-infraestructura-logistica-1024x576.jpg 1024w, https:\/\/egein.com\/wp-content\/uploads\/2026\/04\/egein-post-web-infraestructura-logistica-768x432.jpg 768w, https:\/\/egein.com\/wp-content\/uploads\/2026\/04\/egein-post-web-infraestructura-logistica-1536x864.jpg 1536w\" sizes=\"(max-width: 1920px) 100vw, 1920px\" \/><\/div>\n\t\t<\/a>\n\t\t\t\t<div class=\"elementor-post__text\">\n\t\t\t\t<h3 class=\"elementor-post__title\">\n\t\t\t<a href=\"https:\/\/egein.com\/ca\/infraestructura-logistica-com-a-decisio-de-negoci\/\" >\n\t\t\t\tInfraestructura log\u00edstica com a decisi\u00f3 de negoci\t\t\t<\/a>\n\t\t<\/h3>\n\t\t\n\t\t<a class=\"elementor-post__read-more\" href=\"https:\/\/egein.com\/ca\/infraestructura-logistica-com-a-decisio-de-negoci\/\" aria-label=\"Read more about Infraestructura log\u00edstica com a decisi\u00f3 de negoci\" tabindex=\"-1\" >\n\t\t\tVeure projecte\t\t<\/a>\n\n\t\t\t\t<\/div>\n\t\t\t\t<\/article>\n\t\t\t\t<\/div>\n\t\t\n\t\t\t\t\t\t<\/div>\n\t\t\t\t<\/div>\n\t\t\t\t<div class=\"elementor-element elementor-element-62193578 elementor-align-center elementor-widget elementor-widget-button\" data-id=\"62193578\" data-element_type=\"widget\" data-e-type=\"widget\" data-widget_type=\"button.default\">\n\t\t\t\t<div class=\"elementor-widget-container\">\n\t\t\t\t\t\t\t\t\t<div class=\"elementor-button-wrapper\">\n\t\t\t\t\t<a class=\"elementor-button elementor-button-link elementor-size-sm\" href=\"https:\/\/egein.com\/ca\/obres-realitzades\/\">\n\t\t\t\t\t\t<span class=\"elementor-button-content-wrapper\">\n\t\t\t\t\t\t<span class=\"elementor-button-icon\">\n\t\t\t\t<i aria-hidden=\"true\" class=\"fas fa-angle-right\"><\/i>\t\t\t<\/span>\n\t\t\t\t\t\t\t\t\t<span class=\"elementor-button-text\">Veure tots els projectes<\/span>\n\t\t\t\t\t<\/span>\n\t\t\t\t\t<\/a>\n\t\t\t\t<\/div>\n\t\t\t\t\t\t\t\t<\/div>\n\t\t\t\t<\/div>\n\t\t\t\t\t<\/div>\n\t\t<\/div>\n\t\t\t\t\t<\/div>\n\t\t<\/section>\n\t\t\t\t<\/div>\n\t\t","protected":false},"excerpt":{"rendered":"<p>Sabies que es va aprovar una llei que estableix l&#8217;obligaci\u00f3 de la retirada? Informar-te que l&#8217;esborrany del projecte de Llei de Residus i S\u00f2ls Contaminats<\/p>\n","protected":false},"author":99,"featured_media":3849,"comment_status":"closed","ping_status":"closed","sticky":false,"template":"elementor_header_footer","format":"standard","meta":{"footnotes":""},"categories":[48],"tags":[],"class_list":["post-3871","post","type-post","status-publish","format-standard","has-post-thumbnail","hentry","category-noticies"],"_links":{"self":[{"href":"https:\/\/egein.com\/ca\/wp-json\/wp\/v2\/posts\/3871","targetHints":{"allow":["GET"]}}],"collection":[{"href":"https:\/\/egein.com\/ca\/wp-json\/wp\/v2\/posts"}],"about":[{"href":"https:\/\/egein.com\/ca\/wp-json\/wp\/v2\/types\/post"}],"author":[{"embeddable":true,"href":"https:\/\/egein.com\/ca\/wp-json\/wp\/v2\/users\/99"}],"replies":[{"embeddable":true,"href":"https:\/\/egein.com\/ca\/wp-json\/wp\/v2\/comments?post=3871"}],"version-history":[{"count":0,"href":"https:\/\/egein.com\/ca\/wp-json\/wp\/v2\/posts\/3871\/revisions"}],"wp:featuredmedia":[{"embeddable":true,"href":"https:\/\/egein.com\/ca\/wp-json\/wp\/v2\/media\/3849"}],"wp:attachment":[{"href":"https:\/\/egein.com\/ca\/wp-json\/wp\/v2\/media?parent=3871"}],"wp:term":[{"taxonomy":"category","embeddable":true,"href":"https:\/\/egein.com\/ca\/wp-json\/wp\/v2\/categories?post=3871"},{"taxonomy":"post_tag","embeddable":true,"href":"https:\/\/egein.com\/ca\/wp-json\/wp\/v2\/tags?post=3871"}],"curies":[{"name":"wp","href":"https:\/\/api.w.org\/{rel}","templated":true}]}}